{"id":7929,"date":"2026-07-16T13:48:29","date_gmt":"2026-07-16T11:48:29","guid":{"rendered":"https:\/\/johann-strauss-apotheke.at\/?p=7929"},"modified":"2026-07-16T13:48:29","modified_gmt":"2026-07-16T11:48:29","slug":"jetlag","status":"publish","type":"post","link":"https:\/\/johann-strauss-apotheke.at\/tr\/jetlag\/","title":{"rendered":"Jetlag"},"content":{"rendered":"<div class=\"wpb-content-wrapper\" id=\"wpb-content-root\"><div class=\"vc_row wpb_row vc_row-fluid vc_custom_1778488007678 bg-image-ps-inherit\"><div class=\"wpb_column vc_column_container vc_col-sm-12 vc_col-lg-8 vc_col-md-8\"><div class=\"vc_column-inner\"><div class=\"wpb_wrapper\">\n\t<div class=\"wpb_text_column wpb_content_element vc_custom_1784199099241\" >\n\t\t<div class=\"wpb_wrapper\">\n\t\t\t<h1>Jetlag'\u0131 anlamak ve daha h\u0131zl\u0131 rutine d\u00f6nmek<\/h1>\n<h2>\u0130\u00e7 saat ritminden \u00e7\u0131karsa<\/h2>\n<p class=\"PDq2pG_selectionAnchorContainer\" data-start=\"218\" data-end=\"512\">Jetlag bir hastal\u0131k de\u011fil, bozulmu\u015f i\u00e7 saatin bir sonucudur. V\u00fccudumuzun sirkadiyen ritim olarak adland\u0131r\u0131lan biyolojik bir 24 saatlik ritmi vard\u0131r. Bu, di\u011fer \u015feylerin yan\u0131 s\u0131ra uykuyu, uyan\u0131kl\u0131\u011f\u0131, v\u00fccut s\u0131cakl\u0131\u011f\u0131n\u0131, hormon sal\u0131n\u0131m\u0131n\u0131 ve hatta sindirimi ve metabolizmay\u0131 kontrol eder. Uzun u\u00e7u\u015flardan sonra, var\u0131\u015f noktas\u0131ndaki saat hemen de\u011fi\u015fir - ancak i\u00e7 saat de\u011fi\u015fmez. V\u00fccut ba\u015flang\u0131\u00e7ta hala memleketinin saatine g\u00f6re \u201cya\u015far\u201d. Ne kadar \u00e7ok saat dilimi a\u015f\u0131l\u0131rsa, bu tutars\u0131zl\u0131k o kadar b\u00fcy\u00fck olur ve semptomlar o kadar belirgin olabilir. \u00d6zellikle \u00fc\u00e7ten fazla saat dilimini a\u015fan u\u00e7u\u015flar s\u0131kl\u0131kla jetlaga neden olur. Do\u011fuya seyahatler (\u00f6rn. Avrupa \u2192 Asya), genellikle bat\u0131ya yap\u0131lan seyahatlerden (Avrupa \u2192 Amerika) daha zorlay\u0131c\u0131 olarak alg\u0131lan\u0131r, \u00e7\u00fcnk\u00fc v\u00fccut daha uzun bir g\u00fcne, k\u0131salm\u0131\u015f bir g\u00fcne uyum sa\u011flamaktan daha kolay adapte olur.<\/p>\n\n\t\t<\/div>\n\t<\/div>\n<\/div><\/div><\/div><div class=\"wpb_column vc_column_container vc_col-sm-12 vc_col-lg-4 vc_col-md-4\"><div class=\"vc_column-inner\"><div class=\"wpb_wrapper\">\n\t<div  class=\"wpb_single_image wpb_content_element vc_align_right wpb_content_element inherit inherit\">\n\t\t\n\t\t<figure class=\"wpb_wrapper vc_figure\">\n\t\t\t<div class=\"vc_single_image-wrapper default\"><img decoding=\"async\" class=\"vc_single_image-img\" src=\"https:\/\/johann-strauss-apotheke.at\/wp-content\/uploads\/2026\/07\/Jetlag_Melatonin_Zeitumstellung_Johann-Strauss-Apotheke-Wien.jpg\" width=\"600\" height=\"706\" alt=\"Jetlag Melatonin Zaman Fark\u0131\" title=\"Jetlag_Melatonin_Saat_De\u011fi\u015fikli\u011fi_Johann Strauss Eczanesi Viyana (1)\" \/><\/div>\n\t\t<\/figure>\n\t<\/div>\n<\/div><\/div><\/div><\/div><div class=\"vc_row wpb_row vc_row-fluid vc_custom_1719336639663 bg-image-ps-inherit\"><div class=\"wpb_column vc_column_container vc_col-sm-12 vc_col-lg-4 vc_col-md-4\"><div class=\"vc_column-inner\"><div class=\"wpb_wrapper\">\n\t<div  class=\"wpb_single_image wpb_content_element vc_align_left wpb_content_element inherit inherit\">\n\t\t\n\t\t<figure class=\"wpb_wrapper vc_figure\">\n\t\t\t<div class=\"vc_single_image-wrapper default\"><img decoding=\"async\" class=\"vc_single_image-img\" src=\"https:\/\/johann-strauss-apotheke.at\/wp-content\/uploads\/2026\/07\/Jetlag_Melatonin_Zeitumstellung_Johann-Strauss-Apotheke-Wien-3.jpg\" width=\"600\" height=\"706\" alt=\"Jetlag Melatonin Zaman De\u011fi\u015fikli\u011fi Huzursuzluk\" title=\"Jetlag_Melatonin_Saat_De\u011fi\u015fikli\u011fi_Johann Strauss Eczanesi Viyana (3)\" \/><\/div>\n\t\t<\/figure>\n\t<\/div>\n<\/div><\/div><\/div><div class=\"wpb_column vc_column_container vc_col-sm-12 vc_col-lg-8 vc_col-md-8\"><div class=\"vc_column-inner\"><div class=\"wpb_wrapper\">\n\t<div class=\"wpb_text_column wpb_content_element vc_custom_1784199122476\" >\n\t\t<div class=\"wpb_wrapper\">\n\t\t\t<h2 class=\"PDq2pG_selectionAnchorContainer\" data-start=\"1087\" data-end=\"1125\"><span role=\"text\">Jetlag'in tipik \u015fikayetleri<\/span><\/h2>\n<p data-start=\"1127\" data-end=\"1172\">Jetlag uykudan \u00e7ok daha fazlas\u0131n\u0131 etkiler. S\u0131kl\u0131kla \u015funlar g\u00f6r\u00fcl\u00fcr:<\/p>\n<ul data-start=\"1193\" data-end=\"1456\">\n<li data-start=\"1193\" data-end=\"1231\">Uykuya dalma veya uykuda kalma g\u00fc\u00e7l\u00fc\u011f\u00fc<\/li>\n<li data-start=\"1232\" data-end=\"1260\">Belirgin g\u00fcnd\u00fcz uykululu\u011fu<\/li>\n<li data-start=\"1261\" data-end=\"1285\">Konsantrasyon sorunlar\u0131<\/li>\n<li data-start=\"1286\" data-end=\"1318\">azalm\u0131\u015f performans<\/li>\n<li data-start=\"1319\" data-end=\"1332\">Huzursuzluk<\/li>\n<li data-start=\"1333\" data-end=\"1348\">Ba\u015f a\u011fr\u0131s\u0131<\/li>\n<li data-start=\"1349\" data-end=\"1401\">\u0130\u015ftahs\u0131zl\u0131k veya al\u0131\u015f\u0131lmad\u0131k zamanlarda a\u00e7l\u0131k<\/li>\n<li data-start=\"1402\" data-end=\"1456\">Kab\u0131zl\u0131k veya ishal gibi sindirim sorunlar\u0131<\/li>\n<\/ul>\n<p data-start=\"1458\" data-end=\"1638\">\u00c7o\u011fu \u015fikayet birka\u00e7 g\u00fcn i\u00e7inde kendili\u011finden ge\u00e7er. Genel bir kural olarak, v\u00fccudun tamamen uyum sa\u011flamas\u0131 i\u00e7in ge\u00e7ilen her saat dilimi i\u00e7in yakla\u015f\u0131k bir g\u00fcne ihtiyac\u0131 vard\u0131r.<\/p>\n\n\t\t<\/div>\n\t<\/div>\n<\/div><\/div><\/div><\/div><div class=\"vc_row wpb_row vc_row-fluid vc_custom_1719336639663 bg-image-ps-inherit\"><div class=\"wpb_column vc_column_container vc_col-sm-12 vc_col-lg-8 vc_col-md-8\"><div class=\"vc_column-inner\"><div class=\"wpb_wrapper\">\n\t<div class=\"wpb_text_column wpb_content_element vc_custom_1784199148360\" >\n\t\t<div class=\"wpb_wrapper\">\n\t\t\t<h2 class=\"PDq2pG_selectionAnchorContainer\" data-start=\"1645\" data-end=\"1688\"><span role=\"text\">Jetlag bu \u015fekilde etkili bir \u015fekilde hafifletilebilir<\/span><\/h2>\n<p data-start=\"1690\" data-end=\"1789\">En \u00f6nemli \u201cterapi\u201d, i\u00e7 saati m\u00fcmk\u00fcn olan en k\u0131sa s\u00fcrede yerel saate ayarlamakt\u0131r. Buna \u015funlar dahildir:<\/p>\n<ul data-start=\"1805\" data-end=\"2150\">\n<li data-start=\"1805\" data-end=\"1873\">Var\u0131\u015ftan sonra m\u00fcmk\u00fcn oldu\u011funca k\u0131sa s\u00fcrede yerel saate g\u00f6re yemek yiyin ve uyuyun<\/li>\n<li data-start=\"1874\" data-end=\"1917\">g\u00fcnd\u00fczleri m\u00fcmk\u00fcn oldu\u011funca do\u011fal \u0131\u015f\u0131ktan yararlan\u0131n<\/li>\n<li data-start=\"1918\" data-end=\"1952\">d\u00fczenli \u00f6\u011f\u00fcnler yemek<\/li>\n<li data-start=\"1953\" data-end=\"1974\">yeterince i\u00e7mek<\/li>\n<li data-start=\"1975\" data-end=\"2004\">Alkol\u00fc m\u00fcmk\u00fcn oldu\u011funca azalt\u0131n<\/li>\n<li data-start=\"2005\" data-end=\"2077\">\u00d6zenle kafein kullan\u0131n (planlanan uyku zaman\u0131ndan hemen \u00f6nce de\u011fil)<\/li>\n<li data-start=\"2078\" data-end=\"2150\">Uzun g\u00fcnd\u00fcz uykular\u0131ndan ka\u00e7\u0131n\u0131n veya bunlar\u0131 en fazla 20-30 dakikayla s\u0131n\u0131rlay\u0131n<\/li>\n<\/ul>\n<p data-start=\"2152\" data-end=\"2281\">Seyahatten birka\u00e7 g\u00fcn \u00f6nce bile, uyku ve uyanma zamanlar\u0131n\u0131 giderek hedef zamana al\u0131\u015ft\u0131rmak faydal\u0131 olabilir.<\/p>\n\n\t\t<\/div>\n\t<\/div>\n<\/div><\/div><\/div><div class=\"wpb_column vc_column_container vc_col-sm-12 vc_col-lg-4 vc_col-md-4\"><div class=\"vc_column-inner\"><div class=\"wpb_wrapper\">\n\t<div  class=\"wpb_single_image wpb_content_element vc_align_left wpb_content_element inherit inherit\">\n\t\t\n\t\t<figure class=\"wpb_wrapper vc_figure\">\n\t\t\t<div class=\"vc_single_image-wrapper default\"><img decoding=\"async\" class=\"vc_single_image-img\" src=\"https:\/\/johann-strauss-apotheke.at\/wp-content\/uploads\/2026\/07\/Jetlag_Melatonin_Zeitumstellung_Johann-Strauss-Apotheke-Wien-5.jpg\" width=\"600\" height=\"706\" alt=\"Jetlag Melatonin Zaman Fark\u0131\" title=\"Jetlag_Melatonin_Saat De\u011fi\u015fikli\u011fi_Viyana Johann Strauss Eczanesi (5)\" \/><\/div>\n\t\t<\/figure>\n\t<\/div>\n<\/div><\/div><\/div><\/div><div class=\"vc_row wpb_row vc_row-fluid vc_custom_1719336639663 bg-image-ps-inherit\"><div class=\"wpb_column vc_column_container vc_col-sm-12 vc_col-lg-4 vc_col-md-4\"><div class=\"vc_column-inner\"><div class=\"wpb_wrapper\">\n\t<div  class=\"wpb_single_image wpb_content_element vc_align_left wpb_content_element inherit inherit\">\n\t\t\n\t\t<figure class=\"wpb_wrapper vc_figure\">\n\t\t\t<div class=\"vc_single_image-wrapper default\"><img decoding=\"async\" class=\"vc_single_image-img\" src=\"https:\/\/johann-strauss-apotheke.at\/wp-content\/uploads\/2026\/07\/Jetlag_Melatonin_Zeitumstellung_Johann-Strauss-Apotheke-Wien-4.jpg\" width=\"600\" height=\"706\" alt=\"Jetlag Melatonin Zaman Fark\u0131\" title=\"Jetlag_Melatonin_Saat_De\u011fi\u015fikli\u011fi_Viyana_Johann Strauss_Eczanesi (4)\" \/><\/div>\n\t\t<\/figure>\n\t<\/div>\n<\/div><\/div><\/div><div class=\"wpb_column vc_column_container vc_col-sm-12 vc_col-lg-8 vc_col-md-8\"><div class=\"vc_column-inner\"><div class=\"wpb_wrapper\">\n\t<div class=\"wpb_text_column wpb_content_element vc_custom_1784199167875\" >\n\t\t<div class=\"wpb_wrapper\">\n\t\t\t<h2 class=\"PDq2pG_selectionAnchorContainer\" data-start=\"2288\" data-end=\"2328\"><span role=\"text\">Do\u011fal Bir Yard\u0131mc\u0131 Olarak G\u00fcn I\u015f\u0131\u011f\u0131<\/span><\/h2>\n<p data-start=\"2330\" data-end=\"2388\">\u0130\u00e7 saatimizin en g\u00fc\u00e7l\u00fc zamanlay\u0131c\u0131s\u0131 g\u00fcn \u0131\u015f\u0131\u011f\u0131d\u0131r. Parlak \u0131\u015f\u0131k beyne uyanma sinyali verir ve uyku-uyan\u0131kl\u0131k ritmini de\u011fi\u015ftirir. Seyahat y\u00f6n\u00fcne ba\u011fl\u0131 olarak \u0131\u015f\u0131ktan bilin\u00e7li olarak yararlan\u0131labilir:<\/p>\n<ul data-start=\"2542\" data-end=\"2696\">\n<li data-start=\"2542\" data-end=\"2621\">Do\u011fuye Yolculuk: Sabah g\u00fcn \u0131\u015f\u0131\u011f\u0131 erken adaptasyonu destekler.<\/li>\n<li data-start=\"2622\" data-end=\"2696\">Bat\u0131'ya Yolculuk: Ak\u015fam g\u00fcn \u0131\u015f\u0131\u011f\u0131 daha uzun s\u00fcre uyan\u0131k kalmaya yard\u0131mc\u0131 olur.<\/li>\n<\/ul>\n<p data-start=\"2698\" data-end=\"2789\">\u0130\u015fte bu y\u00fczden, vard\u0131\u011f\u0131n\u0131zda m\u00fcmk\u00fcn oldu\u011funca \u00e7ok zaman\u0131 d\u0131\u015far\u0131da ge\u00e7irmeye de\u011fer.<\/p>\n\n\t\t<\/div>\n\t<\/div>\n<\/div><\/div><\/div><\/div><div class=\"vc_row wpb_row vc_row-fluid vc_custom_1719336639663 bg-image-ps-inherit\"><div class=\"wpb_column vc_column_container vc_col-sm-12 vc_col-lg-8 vc_col-md-8\"><div class=\"vc_column-inner\"><div class=\"wpb_wrapper\">\n\t<div class=\"wpb_text_column wpb_content_element vc_custom_1784199207959\" >\n\t\t<div class=\"wpb_wrapper\">\n\t\t\t<h2 class=\"PDq2pG_selectionAnchorContainer\" data-start=\"2796\" data-end=\"2831\"><span role=\"text\">Jetlag'da Melatoninden Anlaml\u0131 Bir \u015eekilde Yararlanma<\/span><\/h2>\n<p data-start=\"2833\" data-end=\"2953\">Melatonin, v\u00fccudun \u00fcretti\u011fi \u201cuyku hormonu\u201d olup, uyku-uyan\u0131kl\u0131k d\u00f6ng\u00fcs\u00fcn\u00fc d\u00fczenlemede merkezi bir rol oynar. \u00c7al\u0131\u015fmalar, \u00f6zellikle be\u015f veya daha fazla saat dilimini kapsayan seyahatlerde melatonin'in jet lag semptomlar\u0131n\u0131 azaltabilece\u011fini g\u00f6stermektedir. Ancak do\u011fru zamanlama \u00e7ok \u00f6nemlidir: Seyahat edilecek yerdeki istenen uyku saatine m\u00fcmk\u00fcn oldu\u011funca yak\u0131n al\u0131nmal\u0131d\u0131r. Avusturya'da melatonin, re\u00e7eteli bir ila\u00e7 olarak bulunmaktad\u0131r ve ayr\u0131ca d\u00fc\u015f\u00fck dozlu g\u0131da takviyeleri de mevcuttur. Melatonin, warfarin, fluvoxamine veya baz\u0131 sakinle\u015ftiriciler gibi \u00e7e\u015fitli ila\u00e7larla etkile\u015fime girebilece\u011finden, almadan \u00f6nce eczanede bireysel dan\u0131\u015fmanl\u0131k alman\u0131z \u00f6nerilir.<\/p>\n\n\t\t<\/div>\n\t<\/div>\n<\/div><\/div><\/div><div class=\"wpb_column vc_column_container vc_col-sm-12 vc_col-lg-4 vc_col-md-4\"><div class=\"vc_column-inner\"><div class=\"wpb_wrapper\">\n\t<div  class=\"wpb_single_image wpb_content_element vc_align_left wpb_content_element inherit inherit\">\n\t\t\n\t\t<figure class=\"wpb_wrapper vc_figure\">\n\t\t\t<div class=\"vc_single_image-wrapper default\"><img decoding=\"async\" class=\"vc_single_image-img\" src=\"https:\/\/johann-strauss-apotheke.at\/wp-content\/uploads\/2026\/07\/Jetlag_Melatonin_Zeitumstellung_Johann-Strauss-Apotheke-Wien-6.jpg\" width=\"600\" height=\"706\" alt=\"Jetlag Melatonin Zaman Fark\u0131\" title=\"Jetlag_Melatonin_Saat_De\u011fi\u015fikli\u011fi_Johann Strauss Eczanesi Viyana (6)\" \/><\/div>\n\t\t<\/figure>\n\t<\/div>\n<\/div><\/div><\/div><\/div><div class=\"vc_row wpb_row vc_row-fluid vc_custom_1719336639663 bg-image-ps-inherit\"><div class=\"wpb_column vc_column_container vc_col-sm-12 vc_col-lg-4 vc_col-md-4\"><div class=\"vc_column-inner\"><div class=\"wpb_wrapper\">\n\t<div  class=\"wpb_single_image wpb_content_element vc_align_left wpb_content_element inherit inherit\">\n\t\t\n\t\t<figure class=\"wpb_wrapper vc_figure\">\n\t\t\t<div class=\"vc_single_image-wrapper default\"><img decoding=\"async\" class=\"vc_single_image-img\" src=\"https:\/\/johann-strauss-apotheke.at\/wp-content\/uploads\/2026\/07\/Jetlag_Melatonin_Zeitumstellung_Johann-Strauss-Apotheke-Wien-2.jpg\" width=\"600\" height=\"706\" alt=\"Jetlag Melatonin Zaman Fark\u0131\" title=\"Jetlag_Melatonin_Saat_De\u011fi\u015fikli\u011fi_Johann Strauss Eczanesi Viyana (2)\" \/><\/div>\n\t\t<\/figure>\n\t<\/div>\n<\/div><\/div><\/div><div class=\"wpb_column vc_column_container vc_col-sm-12 vc_col-lg-8 vc_col-md-8\"><div class=\"vc_column-inner\"><div class=\"wpb_wrapper\">\n\t<div class=\"wpb_text_column wpb_content_element vc_custom_1784199249353\" >\n\t\t<div class=\"wpb_wrapper\">\n\t\t\t<h2 class=\"PDq2pG_selectionAnchorContainer\" data-start=\"3578\" data-end=\"3611\"><span role=\"text\">Jetlag Hakk\u0131nda Yayg\u0131n Mitler<\/span><\/h2>\n<p data-start=\"3613\" data-end=\"3656\"><strong data-start=\"3613\" data-end=\"3656\">\u201cBir kadeh \u015farap uyumaya yard\u0131mc\u0131 olur.\u201d<\/strong><\/p>\n<p data-start=\"3658\" data-end=\"3764\">Alkol genellikle uykuyu getirir, ancak uyku kalitesini bozar ve jetlag'i daha da k\u00f6t\u00fcle\u015ftirebilir.<\/p>\n<p data-start=\"3766\" data-end=\"3837\"><strong data-start=\"3766\" data-end=\"3837\">\u201cJetlag'i yenmek i\u00e7in m\u00fcmk\u00fcn oldu\u011funca uzun uyumal\u0131y\u0131m.\u201d<\/strong><\/p>\n<p data-start=\"3839\" data-end=\"3927\">\u00c7ok uzun uyumak veya uzun g\u00fcnd\u00fcz uykular\u0131 i\u00e7 saatin uyumunu genellikle geciktirir.<\/p>\n<p data-start=\"3929\" data-end=\"3969\"><strong data-start=\"3929\" data-end=\"3969\">\u201cUyku haplar\u0131 sorunu \u00e7\u00f6zer.\u201d<\/strong><\/p>\n<p data-start=\"3971\" data-end=\"4116\">Uykuya dalmay\u0131 kolayla\u015ft\u0131rabilirler ancak i\u00e7 saati ayarlamazlar ve genellikle kendi kendine ila\u00e7 tedavisi i\u00e7in ilk tercih de\u011fildirler.<\/p>\n<p data-start=\"4118\" data-end=\"4160\"><strong data-start=\"4118\" data-end=\"4160\">\u201cHerkes ayn\u0131 derecede jetlag ya\u015far.\u201d<\/strong><\/p>\n<p data-start=\"4162\" data-end=\"4309\">Hay\u0131r. Ya\u015f, kronotip (\u201cerken kalkan\u201d veya \u201cgece ku\u015fu\u201d), u\u00e7u\u015f y\u00f6n\u00fc ve bireysel uyku al\u0131\u015fkanl\u0131klar\u0131 rahats\u0131zl\u0131klar\u0131 \u00f6nemli \u00f6l\u00e7\u00fcde etkiler.<\/p>\n\n\t\t<\/div>\n\t<\/div>\n<\/div><\/div><\/div><\/div><div class=\"vc_row wpb_row vc_row-fluid vc_custom_1719336639663 bg-image-ps-inherit\"><div class=\"wpb_column vc_column_container vc_col-sm-12 vc_col-lg-8 vc_col-md-8\"><div class=\"vc_column-inner\"><div class=\"wpb_wrapper\">\n\t<div class=\"wpb_text_column wpb_content_element vc_custom_1784199280389\" >\n\t\t<div class=\"wpb_wrapper\">\n\t\t\t<h2 class=\"PDq2pG_selectionAnchorContainer\" data-start=\"4316\" data-end=\"4353\"><span role=\"text\">Viyana Johann Strauss Eczanesi'nden destek<\/span><\/h2>\n<p data-start=\"4355\" data-end=\"4480\">Bireysel dan\u0131\u015fmanl\u0131\u011f\u0131n yan\u0131 s\u0131ra \u2013 seyahat destinasyonuna ve mevcut hastal\u0131klara ba\u011fl\u0131 olarak \u2013 farkl\u0131 \u00f6nlemler faydal\u0131 olabilir:<\/p>\n<ul data-start=\"4482\" data-end=\"4933\">\n<li data-start=\"4482\" data-end=\"4575\">Melatonin (yasal durumu ve olas\u0131 etkile\u015fimleri g\u00f6z \u00f6n\u00fcnde bulundurularak)<\/li>\n<li data-start=\"4576\" data-end=\"4635\">Daha iyi uyku ko\u015fullar\u0131 i\u00e7in kulak t\u0131ka\u00e7lar\u0131 ve uyku maskeleri<\/li>\n<li data-start=\"4636\" data-end=\"4675\">Kabin i\u00e7i kuru havas\u0131nda burun spreyleri<\/li>\n<li data-start=\"4676\" data-end=\"4742\">Uzun yolculuklarda ve y\u00fcksek s\u0131cakl\u0131klarda yeterli elektrolit<\/li>\n<li data-start=\"4743\" data-end=\"4933\">Tatil yerindeki ilk g\u00fcnler i\u00e7in g\u00fcne\u015ften korunma (dolayl\u0131 olarak ilgilidir, \u00e7\u00fcnk\u00fc g\u00fcne\u015f \u0131\u015f\u0131\u011f\u0131 i\u00e7 saatin ayarlanmas\u0131n\u0131 desteklerken, g\u00fcne\u015f yan\u0131\u011f\u0131 v\u00fccut i\u00e7in ek stres anlam\u0131na gelir)<\/li>\n<\/ul>\n<p data-start=\"4935\" data-end=\"5219\">\u00d6zellikle d\u00fczenli ila\u00e7 kullanan ki\u015filerde, zaman dilimi de\u011fi\u015fikli\u011fi sonras\u0131nda ila\u00e7lar\u0131n al\u0131nma zamanlar\u0131n\u0131n ayarlanmas\u0131 gerekip gerekmedi\u011fi de kontrol edilebilir; \u00f6rne\u011fin ins\u00fclin, baz\u0131 antidiyabetikler veya sabit saatlerde al\u0131nmas\u0131 gereken ila\u00e7lar i\u00e7in bu durum s\u00f6z konusu olabilir.<\/p>\n\n\t\t<\/div>\n\t<\/div>\n<\/div><\/div><\/div><div class=\"wpb_column vc_column_container vc_col-sm-12 vc_col-lg-4 vc_col-md-4\"><div class=\"vc_column-inner\"><div class=\"wpb_wrapper\">\n\t<div  class=\"wpb_single_image wpb_content_element vc_align_left wpb_content_element inherit inherit\">\n\t\t\n\t\t<figure class=\"wpb_wrapper vc_figure\">\n\t\t\t<div class=\"vc_single_image-wrapper default\"><img decoding=\"async\" class=\"vc_single_image-img\" src=\"https:\/\/johann-strauss-apotheke.at\/wp-content\/uploads\/2026\/03\/JSA_Fotos-35-scaled-600x706.jpg\" width=\"600\" height=\"706\" alt=\"JSA_Fotos-35\" title=\"JSA_Fotos-35\" \/><\/div>\n\t\t<\/figure>\n\t<\/div>\n<\/div><\/div><\/div><\/div><div class=\"vc_row wpb_row vc_row-fluid vc_custom_1719336639663 bg-image-ps-inherit\"><div class=\"wpb_column vc_column_container vc_col-sm-12 vc_col-lg-4 vc_col-md-4\"><div class=\"vc_column-inner\"><div class=\"wpb_wrapper\">\n\t<div  class=\"wpb_single_image wpb_content_element vc_align_left wpb_content_element inherit inherit\">\n\t\t\n\t\t<figure class=\"wpb_wrapper vc_figure\">\n\t\t\t<div class=\"vc_single_image-wrapper default\"><img decoding=\"async\" class=\"vc_single_image-img\" src=\"https:\/\/johann-strauss-apotheke.at\/wp-content\/uploads\/2026\/07\/Blasenentzuendung-im-Sommer_Johann-Strauss-Apotheke-3.jpg\" width=\"600\" height=\"706\" alt=\"Yaz aylar\u0131nda mesane enfeksiyonu\" title=\"Yaz\u0131n idrar yolu enfeksiyonu_Johann Strauss Eczanesi (3)\" \/><\/div>\n\t\t<\/figure>\n\t<\/div>\n<\/div><\/div><\/div><div class=\"wpb_column vc_column_container vc_col-sm-12 vc_col-lg-8 vc_col-md-8\"><div class=\"vc_column-inner\"><div class=\"wpb_wrapper\">\n\t<div class=\"wpb_text_column wpb_content_element vc_custom_1784199309527\" >\n\t\t<div class=\"wpb_wrapper\">\n\t\t\t<h2 class=\"PDq2pG_selectionAnchorContainer\" data-start=\"5226\" data-end=\"5265\"><span role=\"text\">Ne zaman t\u0131bbi tavsiye mant\u0131kl\u0131d\u0131r<\/span><\/h2>\n<p data-start=\"5267\" data-end=\"5380\">Jetlag genellikle birka\u00e7 g\u00fcn i\u00e7inde kendi kendine d\u00fczelir. A\u015fa\u011f\u0131daki durumlarda t\u0131bbi de\u011ferlendirme faydal\u0131d\u0131r:<\/p>\n<ul data-start=\"5382\" data-end=\"5702\">\n<li data-start=\"5382\" data-end=\"5432\">uyku bozukluklar\u0131 iki haftadan uzun s\u00fcrerse,<\/li>\n<li data-start=\"5433\" data-end=\"5500\">zaten k\u00fc\u00e7\u00fck zaman kaymalar\u0131 bile ciddi rahats\u0131zl\u0131klara neden olur,<\/li>\n<li data-start=\"5501\" data-end=\"5567\">\u00f6nemli g\u00fcnd\u00fcz uykululu\u011fu veya konsantrasyon bozukluklar\u0131 devam ederse,<\/li>\n<li data-start=\"5568\" data-end=\"5607\">bilinen bir uyku bozuklu\u011fu s\u00f6z konusudur,<\/li>\n<li data-start=\"5608\" data-end=\"5702\">kronik hastal\u0131klar veya karma\u015f\u0131k ila\u00e7 tedavileri \u00f6zel d\u00fczenlemeler gerektirebilir.<\/li>\n<\/ul>\n\n\t\t<\/div>\n\t<\/div>\n<\/div><\/div><\/div><\/div><div class=\"vc_row wpb_row vc_row-fluid vc_custom_1719336639663 bg-image-ps-inherit\"><div class=\"wpb_column vc_column_container vc_col-sm-12 vc_col-lg-8 vc_col-md-8\"><div class=\"vc_column-inner\"><div class=\"wpb_wrapper\">\n\t<div class=\"wpb_text_column wpb_content_element vc_custom_1784202496548\" >\n\t\t<div class=\"wpb_wrapper\">\n\t\t\t<h2 class=\"PDq2pG_selectionAnchorContainer\" data-start=\"5709\" data-end=\"5731\"><span role=\"text\">Eczane \u0130pu\u00e7lar\u0131<\/span><\/h2>\n<h3 data-start=\"5733\" data-end=\"5782\"><span role=\"text\">Zaman dilimi de\u011fi\u015fikli\u011finde ila\u00e7 kullan\u0131m\u0131<\/span><\/h3>\n<p data-start=\"5784\" data-end=\"5840\"><strong data-start=\"5784\" data-end=\"5840\">Sabit dozaj zamanlamal\u0131 ila\u00e7larda dikkat:<\/strong><\/p>\n<p data-start=\"5842\" data-end=\"6101\">\u0130ns\u00fclin, baz\u0131 diyabet ila\u00e7lar\u0131, antiepileptikler veya imm\u00fcnosupresanlar gibi ila\u00e7larda, zaman dilimi de\u011fi\u015fikli\u011fi doz ayarlamalar\u0131 gerektirebilir. Uzun mesafeli bir seyahatten \u00f6nce eczanenizde veya doktorunuzun muayenehanesinde bireysel olarak dan\u0131\u015fmanl\u0131k al\u0131n.<\/p>\n<h3 data-start=\"6103\" data-end=\"6140\"><span role=\"text\">Kabin havas\u0131 ve dehidrasyon<\/span><\/h3>\n<p data-start=\"6142\" data-end=\"6169\"><strong>Her \u015fey jetlag de\u011fil:<\/strong><\/p>\n<p data-start=\"6171\" data-end=\"6437\" data-is-last-node=\"\" data-is-only-node=\"\">Yorgunluk, ba\u015f a\u011fr\u0131s\u0131 veya kuru mukoza zarlar\u0131 da u\u00e7aktaki d\u00fc\u015f\u00fck nem oran\u0131ndan ve yetersiz s\u0131v\u0131 al\u0131m\u0131ndan kaynaklanabilir. Yeterince s\u0131v\u0131 i\u00e7mek ve gerekirse nemlendirici burun veya g\u00f6z damlalar\u0131 bu konuda faydal\u0131 olabilir.<\/p>\n\n\t\t<\/div>\n\t<\/div>\n<\/div><\/div><\/div><div class=\"wpb_column vc_column_container vc_col-sm-12 vc_col-lg-4 vc_col-md-4\"><div class=\"vc_column-inner\"><div class=\"wpb_wrapper\">\n\t<div  class=\"wpb_single_image wpb_content_element vc_align_left wpb_content_element inherit inherit\">\n\t\t\n\t\t<figure class=\"wpb_wrapper vc_figure\">\n\t\t\t<div class=\"vc_single_image-wrapper default\"><img decoding=\"async\" class=\"vc_single_image-img\" src=\"https:\/\/johann-strauss-apotheke.at\/wp-content\/uploads\/2026\/07\/Jetlag_Melatonin_Zeitumstellung_Johann-Strauss-Apotheke-Wien-7.jpg\" width=\"600\" height=\"706\" alt=\"Jetlag Melatonin Zaman Fark\u0131\" title=\"Jetlag_Melatonin_Zaman_De\u011fi\u015fikli\u011fi_Johann Strauss Eczanesi Viyana (7)\" \/><\/div>\n\t\t<\/figure>\n\t<\/div>\n<\/div><\/div><\/div><\/div>\n<\/div>","protected":false},"excerpt":{"rendered":"<p>\u0130\u00e7 saatimizin neden ritmini kaybetti\u011fi.<\/p>","protected":false},"author":4,"featured_media":7941,"comment_status":"closed","ping_status":"closed","sticky":false,"template":"","format":"standard","meta":{"inline_featured_image":false,"_price":"","_stock":"","_tribe_ticket_header":"","_tribe_default_ticket_provider":"","_tribe_ticket_capacity":"","_ticket_start_date":"","_ticket_end_date":"","_tribe_ticket_show_description":"","_tribe_ticket_show_not_going":false,"_tribe_ticket_use_global_stock":"","_tribe_ticket_global_stock_level":"","_global_stock_mode":"","_global_stock_cap":"","_tribe_rsvp_for_event":"","_tribe_ticket_going_count":"","_tribe_ticket_not_going_count":"","_tribe_tickets_list":"[]","_tribe_ticket_has_attendee_info_fields":false,"footnotes":""},"categories":[1],"tags":[80,312,90,314,313],"class_list":["post-7929","post","type-post","status-publish","format-standard","has-post-thumbnail","hentry","category-uncategorized","tag-apotheke","tag-jetlag","tag-johann-strauss-apotheke","tag-melatonin","tag-zeitzone"],"rttpg_featured_image_url":{"full":["https:\/\/johann-strauss-apotheke.at\/wp-content\/uploads\/2026\/07\/Jetlag_Melatonin_Zeitumstellung_Johann-Strauss-Apotheke-Wien-8.jpg",980,980,false],"landscape":["https:\/\/johann-strauss-apotheke.at\/wp-content\/uploads\/2026\/07\/Jetlag_Melatonin_Zeitumstellung_Johann-Strauss-Apotheke-Wien-8.jpg",980,980,false],"portraits":["https:\/\/johann-strauss-apotheke.at\/wp-content\/uploads\/2026\/07\/Jetlag_Melatonin_Zeitumstellung_Johann-Strauss-Apotheke-Wien-8.jpg",980,980,false],"thumbnail":["https:\/\/johann-strauss-apotheke.at\/wp-content\/uploads\/2026\/07\/Jetlag_Melatonin_Zeitumstellung_Johann-Strauss-Apotheke-Wien-8-300x300.jpg",300,300,true],"medium":["https:\/\/johann-strauss-apotheke.at\/wp-content\/uploads\/2026\/07\/Jetlag_Melatonin_Zeitumstellung_Johann-Strauss-Apotheke-Wien-8-680x440.jpg",680,440,true],"large":["https:\/\/johann-strauss-apotheke.at\/wp-content\/uploads\/2026\/07\/Jetlag_Melatonin_Zeitumstellung_Johann-Strauss-Apotheke-Wien-8-980x525.jpg",640,343,true],"1536x1536":["https:\/\/johann-strauss-apotheke.at\/wp-content\/uploads\/2026\/07\/Jetlag_Melatonin_Zeitumstellung_Johann-Strauss-Apotheke-Wien-8.jpg",980,980,false],"2048x2048":["https:\/\/johann-strauss-apotheke.at\/wp-content\/uploads\/2026\/07\/Jetlag_Melatonin_Zeitumstellung_Johann-Strauss-Apotheke-Wien-8.jpg",980,980,false],"trp-custom-language-flag":["https:\/\/johann-strauss-apotheke.at\/wp-content\/uploads\/2026\/07\/Jetlag_Melatonin_Zeitumstellung_Johann-Strauss-Apotheke-Wien-8-12x12.jpg",12,12,true],"unfinityplus-screenshot":["https:\/\/johann-strauss-apotheke.at\/wp-content\/uploads\/2026\/07\/Jetlag_Melatonin_Zeitumstellung_Johann-Strauss-Apotheke-Wien-8-260x465.jpg",260,465,true]},"rttpg_author":{"display_name":"marketing@johann-strauss-apotheke.at","author_link":"https:\/\/johann-strauss-apotheke.at\/tr\/author\/marketingjohann-strauss-apotheke-at\/"},"rttpg_comment":0,"rttpg_category":"<a href=\"https:\/\/johann-strauss-apotheke.at\/tr\/category\/uncategorized\/\" rel=\"category tag\">Uncategorized<\/a>","rttpg_excerpt":"Warum unsere innere Uhr aus dem Takt ger\u00e4t.","_links":{"self":[{"href":"https:\/\/johann-strauss-apotheke.at\/tr\/wp-json\/wp\/v2\/posts\/7929","targetHints":{"allow":["GET"]}}],"collection":[{"href":"https:\/\/johann-strauss-apotheke.at\/tr\/wp-json\/wp\/v2\/posts"}],"about":[{"href":"https:\/\/johann-strauss-apotheke.at\/tr\/wp-json\/wp\/v2\/types\/post"}],"author":[{"embeddable":true,"href":"https:\/\/johann-strauss-apotheke.at\/tr\/wp-json\/wp\/v2\/users\/4"}],"replies":[{"embeddable":true,"href":"https:\/\/johann-strauss-apotheke.at\/tr\/wp-json\/wp\/v2\/comments?post=7929"}],"version-history":[{"count":4,"href":"https:\/\/johann-strauss-apotheke.at\/tr\/wp-json\/wp\/v2\/posts\/7929\/revisions"}],"predecessor-version":[{"id":7942,"href":"https:\/\/johann-strauss-apotheke.at\/tr\/wp-json\/wp\/v2\/posts\/7929\/revisions\/7942"}],"wp:featuredmedia":[{"embeddable":true,"href":"https:\/\/johann-strauss-apotheke.at\/tr\/wp-json\/wp\/v2\/media\/7941"}],"wp:attachment":[{"href":"https:\/\/johann-strauss-apotheke.at\/tr\/wp-json\/wp\/v2\/media?parent=7929"}],"wp:term":[{"taxonomy":"category","embeddable":true,"href":"https:\/\/johann-strauss-apotheke.at\/tr\/wp-json\/wp\/v2\/categories?post=7929"},{"taxonomy":"post_tag","embeddable":true,"href":"https:\/\/johann-strauss-apotheke.at\/tr\/wp-json\/wp\/v2\/tags?post=7929"}],"curies":[{"name":"wp","href":"https:\/\/api.w.org\/{rel}","templated":true}]}}